{"id":928,"date":"2023-10-25T09:08:13","date_gmt":"2023-10-25T09:08:13","guid":{"rendered":"https:\/\/hpvwissen.fh-salzburg.ac.at\/?p=928"},"modified":"2023-10-25T09:16:50","modified_gmt":"2023-10-25T09:16:50","slug":"neue-folge-im-podcast-lasst-uns-uber-hpv-reden-diagnose-mund-rachenkrebs-bei-mannern","status":"publish","type":"post","link":"https:\/\/hpvwissen.fh-salzburg.ac.at\/?p=928","title":{"rendered":"Neue Podcastfolge: Diagnose Mund-Rachenkrebs bei M\u00e4nnern"},"content":{"rendered":"\n<p>Die neueste Folge des Podcasts &#8220;Lasst uns \u00fcber HPV reden&#8221; ist ab sofort auf Spotify zu h\u00f6ren! Diese Folge spricht besonders M\u00e4nner an, denn sie sind 3x h\u00e4ufiger von HPV verursachtem Mund-Rachenkrebs betroffen als Frauen. Ein Gespr\u00e4ch, das Mut macht!<\/p>\n\n\n\n<p>Der Podcast beleuchtet in Gespr\u00e4chen mit verschiedenen Expert*innen das Infektionsgeschehen mit HPV, wie man sich vor einer Infektion sch\u00fctzen kann, was im Labor passiert, wie der aktuelle Stand der Forschung ist, und welchen Einfluss HPV auf pers\u00f6nliche Schicksale haben kann.<\/p>\n\n\n\n<p>In den bisherigen Folgen wurde das Thema HPV vor allem aus der weiblichen Sicht beleuchtet. HPV-verursachte Krebsarten betreffen M\u00e4nner jedoch genauso wie Frauen, z.B. in Form von Penis- oder Mund-Rachenkrebs. J\u00e4hrlich erkranken in \u00d6sterreich rund 1.000 Menschen an Mund-Rachenkrebs, M\u00e4nner in etwa 3x h\u00e4ufiger als Frauen. Mund-Rachenkrebs ist au\u00dferdem die 5. h\u00e4uftigste Krebsart bei M\u00e4nnern. Jede 2. Erkrankung ist HPV-verursacht. Genau wie beim Geb\u00e4rmutterhalskrebs treten Symptome erst sp\u00e4t auf und die Erkrankung wird h\u00e4ufig erst in einem fortgeschrittenen Stadium erkannt. Diese Art von Tumor kann an den Lippen, am Gaumen, an den R\u00e4ndern oder am Mundboden, an der Zunge, den Mandeln und im hinteren Rachenraum entstehen und schwerwiegende Auswirkungen auf das Schluck- und Sprechverm\u00f6gen der Betroffenen haben.<\/p>\n\n\n\n<p>Magdalena Meikl spricht mit Mag. Hans-Christian Gruber \u00fcber sein Schicksal als Betroffener von Mund-Rachenkrebs. Es ist ein offenes Gespr\u00e4ch \u00fcber seine Diagnose, seine Therapie und dar\u00fcber, wie es ihm mit den Folgen heute geht. Und vor allem ist es ein Gespr\u00e4ch, das Mut macht.<\/p>\n\n\n\n<p><em><strong>Reinh\u00f6ren lohnt sich und am besten auch gleich teilen! \ud83d\ude09<\/strong><\/em><\/p>\n\n\n\n<iframe style=\"border-radius:12px\" src=\"https:\/\/open.spotify.com\/embed\/episode\/5u5EHAUPQqdqkIfVu6SRfI?utm_source=generator&#038;theme=0\" width=\"100%\" height=\"352\" frameBorder=\"0\" allowfullscreen=\"\" allow=\"autoplay; clipboard-write; encrypted-media; fullscreen; picture-in-picture\" loading=\"lazy\"><\/iframe>\n","protected":false},"excerpt":{"rendered":"<p>Die neueste Folge des Podcasts &#8220;Lasst uns \u00fcber HPV reden&#8221; ist ab sofort auf Spotify zu h\u00f6ren! Diese Folge spricht besonders M\u00e4nner an, denn sie sind 3x h\u00e4ufiger von HPV verursachtem Mund-Rachenkrebs betroffen als Frauen. Ein Gespr\u00e4ch, das Mut macht! Der Podcast beleuchtet in Gespr\u00e4chen mit verschiedenen Expert*innen das Infektionsgeschehen mit HPV, wie man sich&#8230;<\/p>\n","protected":false},"author":4,"featured_media":929,"comment_status":"open","ping_status":"open","sticky":false,"template":"","format":"standard","meta":{"_kad_post_transparent":"","_kad_post_title":"","_kad_post_layout":"","_kad_post_sidebar_id":"","_kad_post_content_style":"","_kad_post_vertical_padding":"","_kad_post_feature":"","_kad_post_feature_position":"","_kad_post_header":false,"_kad_post_footer":false,"footnotes":""},"categories":[41],"tags":[38,27,35,33,34,56,54,28],"class_list":["post-928","post","type-post","status-publish","format-standard","has-post-thumbnail","hentry","category-podcast","tag-aufklarungskampagne","tag-hpv","tag-hpv-impfung","tag-humane-papillomaviren","tag-krebsvorsorge","tag-mannergesundheit","tag-mundrachenkrebs","tag-viren"],"_links":{"self":[{"href":"https:\/\/hpvwissen.fh-salzburg.ac.at\/index.php?rest_route=\/wp\/v2\/posts\/928","targetHints":{"allow":["GET"]}}],"collection":[{"href":"https:\/\/hpvwissen.fh-salzburg.ac.at\/index.php?rest_route=\/wp\/v2\/posts"}],"about":[{"href":"https:\/\/hpvwissen.fh-salzburg.ac.at\/index.php?rest_route=\/wp\/v2\/types\/post"}],"author":[{"embeddable":true,"href":"https:\/\/hpvwissen.fh-salzburg.ac.at\/index.php?rest_route=\/wp\/v2\/users\/4"}],"replies":[{"embeddable":true,"href":"https:\/\/hpvwissen.fh-salzburg.ac.at\/index.php?rest_route=%2Fwp%2Fv2%2Fcomments&post=928"}],"version-history":[{"count":6,"href":"https:\/\/hpvwissen.fh-salzburg.ac.at\/index.php?rest_route=\/wp\/v2\/posts\/928\/revisions"}],"predecessor-version":[{"id":940,"href":"https:\/\/hpvwissen.fh-salzburg.ac.at\/index.php?rest_route=\/wp\/v2\/posts\/928\/revisions\/940"}],"wp:featuredmedia":[{"embeddable":true,"href":"https:\/\/hpvwissen.fh-salzburg.ac.at\/index.php?rest_route=\/wp\/v2\/media\/929"}],"wp:attachment":[{"href":"https:\/\/hpvwissen.fh-salzburg.ac.at\/index.php?rest_route=%2Fwp%2Fv2%2Fmedia&parent=928"}],"wp:term":[{"taxonomy":"category","embeddable":true,"href":"https:\/\/hpvwissen.fh-salzburg.ac.at\/index.php?rest_route=%2Fwp%2Fv2%2Fcategories&post=928"},{"taxonomy":"post_tag","embeddable":true,"href":"https:\/\/hpvwissen.fh-salzburg.ac.at\/index.php?rest_route=%2Fwp%2Fv2%2Ftags&post=928"}],"curies":[{"name":"wp","href":"https:\/\/api.w.org\/{rel}","templated":true}]}}