{"id":887,"date":"2023-08-04T12:03:00","date_gmt":"2023-08-04T12:03:00","guid":{"rendered":"https:\/\/hpvwissen.fh-salzburg.ac.at\/?p=887"},"modified":"2023-09-08T12:10:03","modified_gmt":"2023-09-08T12:10:03","slug":"podcast-folge-3-pap-iv-moglicherweise-krebsvorstufe-und-was-jetzt","status":"publish","type":"post","link":"https:\/\/hpvwissen.fh-salzburg.ac.at\/?p=887","title":{"rendered":"Podcast Folge 3: PAP IV, m\u00f6glicherweise Krebsvorstufe &#8211; und was jetzt?"},"content":{"rendered":"\n<p>Der Podcast &#8220;<strong>Lasst uns \u00fcber HPV reden!<\/strong>&#8221; beleuchtet in Gespr\u00e4chen mit verschiedenen Expert*innen das Infektionsgeschehen mit HPV, wie man sich vor einer Infektion sch\u00fctzen kann, was im Labor passiert, wie der aktuelle Stand der Forschung ist, und welchen Einfluss HPV auf pers\u00f6nliche Schicksale haben kann.<\/p>\n\n\n\n<p>In der dritten Folge spricht Magdalena Meikl mit Dr. Daniela Kern. Die junge Frau ist Molekularbiologin und bekam vor ein paar Jahren die Note IV von ihrem routinem\u00e4\u00dfigen PAP-Abstrich beim Gyn\u00e4kologen zur\u00fcck. Welche Folgen das f\u00fcr sie hatte, wie sie damit umging und wie es ihr heute geht erz\u00e4hlt sie uns im Podcast.<\/p>\n\n\n\n<p>In den beiden ersten Folgen des Podcasts gab es Gespr\u00e4che mit einer  Geb\u00e4rmutterhalskrebs-Betroffenen, die uns ihre Geschichte erz\u00e4hlt, und der Leiterin eines Zytologie-Labors, die uns die Abl\u00e4ufe im Labor genau erkl\u00e4rt. Aufgenommen wurden die bisherigen Folgen des Podcasts im MMA-Kino der FH Salzburg.<\/p>\n\n\n\n<p><strong><em>Reinh\u00f6ren lohnt sich und am besten auch gleich teilen! ;-<\/em>)<\/strong><\/p>\n\n\n<style>.kadence-column887_83b91c-31 > .kt-inside-inner-col,.kadence-column887_83b91c-31 > .kt-inside-inner-col:before{border-top-left-radius:0px;border-top-right-radius:0px;border-bottom-right-radius:0px;border-bottom-left-radius:0px;}.kadence-column887_83b91c-31 > .kt-inside-inner-col{column-gap:var(--global-kb-gap-sm, 1rem);}.kadence-column887_83b91c-31 > .kt-inside-inner-col{flex-direction:column;}.kadence-column887_83b91c-31 > .kt-inside-inner-col > .aligncenter{width:100%;}.kadence-column887_83b91c-31 > .kt-inside-inner-col:before{opacity:0.3;}.kadence-column887_83b91c-31{position:relative;}@media all and (max-width: 1024px){.kadence-column887_83b91c-31 > .kt-inside-inner-col{flex-direction:column;justify-content:center;}}@media all and (max-width: 767px){.kadence-column887_83b91c-31 > .kt-inside-inner-col{flex-direction:column;justify-content:center;}}<\/style>\n<div class=\"wp-block-kadence-column kadence-column887_83b91c-31\"><div class=\"kt-inside-inner-col\">\n<iframe style=\"border-radius:12px\" src=\"https:\/\/open.spotify.com\/embed\/episode\/5jqN7QvOzu83rhjtvQak6m?utm_source=generator&#038;theme=0\" width=\"100%\" height=\"352\" frameBorder=\"0\" allowfullscreen=\"\" allow=\"autoplay; clipboard-write; encrypted-media; fullscreen; picture-in-picture\" loading=\"lazy\"><\/iframe>\n<\/div><\/div>\n","protected":false},"excerpt":{"rendered":"<p>Der Podcast &#8220;Lasst uns \u00fcber HPV reden!&#8221; beleuchtet in Gespr\u00e4chen mit verschiedenen Expert*innen das Infektionsgeschehen mit HPV, wie man sich vor einer Infektion sch\u00fctzen kann, was im Labor passiert, wie der aktuelle Stand der Forschung ist, und welchen Einfluss HPV auf pers\u00f6nliche Schicksale haben kann. In der dritten Folge spricht Magdalena Meikl mit Dr. Daniela&#8230;<\/p>\n","protected":false},"author":4,"featured_media":820,"comment_status":"open","ping_status":"open","sticky":false,"template":"","format":"standard","meta":{"_kad_post_transparent":"","_kad_post_title":"","_kad_post_layout":"","_kad_post_sidebar_id":"","_kad_post_content_style":"","_kad_post_vertical_padding":"","_kad_post_feature":"","_kad_post_feature_position":"","_kad_post_header":false,"_kad_post_footer":false,"footnotes":""},"categories":[41],"tags":[51,32,27,35,33,50,34,47],"class_list":["post-887","post","type-post","status-publish","format-standard","has-post-thumbnail","hentry","category-podcast","tag-dysplasie-sprechstunde","tag-gebarmutterhalskrebs","tag-hpv","tag-hpv-impfung","tag-humane-papillomaviren","tag-konisation","tag-krebsvorsorge","tag-pap-abstrich-2"],"_links":{"self":[{"href":"https:\/\/hpvwissen.fh-salzburg.ac.at\/index.php?rest_route=\/wp\/v2\/posts\/887","targetHints":{"allow":["GET"]}}],"collection":[{"href":"https:\/\/hpvwissen.fh-salzburg.ac.at\/index.php?rest_route=\/wp\/v2\/posts"}],"about":[{"href":"https:\/\/hpvwissen.fh-salzburg.ac.at\/index.php?rest_route=\/wp\/v2\/types\/post"}],"author":[{"embeddable":true,"href":"https:\/\/hpvwissen.fh-salzburg.ac.at\/index.php?rest_route=\/wp\/v2\/users\/4"}],"replies":[{"embeddable":true,"href":"https:\/\/hpvwissen.fh-salzburg.ac.at\/index.php?rest_route=%2Fwp%2Fv2%2Fcomments&post=887"}],"version-history":[{"count":3,"href":"https:\/\/hpvwissen.fh-salzburg.ac.at\/index.php?rest_route=\/wp\/v2\/posts\/887\/revisions"}],"predecessor-version":[{"id":891,"href":"https:\/\/hpvwissen.fh-salzburg.ac.at\/index.php?rest_route=\/wp\/v2\/posts\/887\/revisions\/891"}],"wp:featuredmedia":[{"embeddable":true,"href":"https:\/\/hpvwissen.fh-salzburg.ac.at\/index.php?rest_route=\/wp\/v2\/media\/820"}],"wp:attachment":[{"href":"https:\/\/hpvwissen.fh-salzburg.ac.at\/index.php?rest_route=%2Fwp%2Fv2%2Fmedia&parent=887"}],"wp:term":[{"taxonomy":"category","embeddable":true,"href":"https:\/\/hpvwissen.fh-salzburg.ac.at\/index.php?rest_route=%2Fwp%2Fv2%2Fcategories&post=887"},{"taxonomy":"post_tag","embeddable":true,"href":"https:\/\/hpvwissen.fh-salzburg.ac.at\/index.php?rest_route=%2Fwp%2Fv2%2Ftags&post=887"}],"curies":[{"name":"wp","href":"https:\/\/api.w.org\/{rel}","templated":true}]}}